{"id":208,"date":"2022-08-18T18:03:18","date_gmt":"2022-08-18T18:03:18","guid":{"rendered":"https:\/\/photonyaa.com\/?p=208"},"modified":"2024-01-23T17:14:58","modified_gmt":"2024-01-23T17:14:58","slug":"girls-just-wanna-have-sun-alicante-zima","status":"publish","type":"post","link":"https:\/\/photonyaa.com\/?p=208","title":{"rendered":"Girls just wanna have sun: Alicante zim\u0105"},"content":{"rendered":"\n<p>Stolica Bia\u0142ego Wybrze\u017ca. Szerokie, piaszczyste pla\u017ce, po\u0142\u0105czenie historii i nowoczesno\u015bci, palmy i muzyka &#8211; takie w\u0142a\u015bnie jest sk\u0105pane w s\u0142o\u0144cu Alicante.&nbsp;<\/p>\n\n\n\n<p>Wraz z kole\u017cank\u0105 wybra\u0142y\u015bmy si\u0119 tu w styczniu &#8211; z t\u0119sknoty za b\u0142\u0119kitnym niebem i ciep\u0142ym piaskiem. Wprawdzie t\u0119tni\u0105ce \u017cyciem Alicante poza sezonem jest jeszcze lekko senne, wed\u0142ug mnie to idealny kierunek zar\u00f3wno w szczycie sezonu jak i zim\u0105, bo cho\u0107 wieczory s\u0105 ch\u0142odne, w ci\u0105gu dnia temperatura si\u0119ga&nbsp;20\u00b0C i nie jest to raczej pogoda sprzyjaj\u0105ca k\u0105pielom w morzu, ale na pewno idealna dla tych, kt\u00f3rzy jak my &#8211; wakacje sp\u0119dzaj\u0105 aktywnie.&nbsp;<\/p>\n\n\n\n<p>Zatrzyma\u0142y\u015bmy si\u0119 w hotelu&nbsp;<a href=\"https:\/\/www.hotelalmirante.com\" data-type=\"URL\" data-id=\"https:\/\/www.hotelalmirante.com\">Almirante<\/a>&nbsp;tu\u017c przy pla\u017cy San Juan i ta lokalizacja by\u0142a strza\u0142em w dziesi\u0105tk\u0119! \u015awietne po\u0142\u0105czenie poci\u0105giem z centrum Alicante (25min), wyb\u00f3r knajp i przede wszystkim pi\u0119kna pla\u017ca tu\u017c pod nosem. Sam hotel nie nale\u017cy raczej do luksusowych, ale te\u017c niczego mu nie brakuje &#8211; ma basen, \u0142adny taras, restauracj\u0119 i stylowy wystr\u00f3j. Najbli\u017cszy przystanek, z kt\u00f3rego mo\u017cna dosta\u0107 si\u0119 do centrum Alicante lub Benidorm znajduje si\u0119 zaledwie 2 min spacerem od hotelu &#8211; cho\u0107 z&nbsp;<strong>San Juan wcale nie trzeba ucieka\u0107<\/strong>, wr\u0119cz przeciwnie &#8211; bardzo zach\u0119cam do sp\u0119dzenia tu cho\u0107by jednego dnia, skosztowania lokalnych tapas, sangrii i wypraw\u0119 rowerow\u0105 wybrze\u017cem z\u0142ocistej pla\u017cy.<\/p>\n\n\n\n<figure class=\"wp-block-gallery aligncenter has-nested-images columns-2 is-cropped wp-block-gallery-1 is-layout-flex wp-block-gallery-is-layout-flex\">\n<figure class=\"wp-block-image size-large\"><img loading=\"lazy\" decoding=\"async\" width=\"876\" height=\"1000\" data-id=\"209\" src=\"https:\/\/photonyaa.com\/wp-content\/uploads\/2022\/08\/almirante_alta_editadas-9497-876x1000-1.jpg\" alt=\"\" class=\"wp-image-209\" srcset=\"https:\/\/photonyaa.com\/wp-content\/uploads\/2022\/08\/almirante_alta_editadas-9497-876x1000-1.jpg 876w, https:\/\/photonyaa.com\/wp-content\/uploads\/2022\/08\/almirante_alta_editadas-9497-876x1000-1-245x280.jpg 245w, https:\/\/photonyaa.com\/wp-content\/uploads\/2022\/08\/almirante_alta_editadas-9497-876x1000-1-600x685.jpg 600w, https:\/\/photonyaa.com\/wp-content\/uploads\/2022\/08\/almirante_alta_editadas-9497-876x1000-1-263x300.jpg 263w, https:\/\/photonyaa.com\/wp-content\/uploads\/2022\/08\/almirante_alta_editadas-9497-876x1000-1-768x877.jpg 768w\" sizes=\"auto, (max-width: 876px) 100vw, 876px\" \/><\/figure>\n\n\n\n<figure class=\"wp-block-image size-large\"><img loading=\"lazy\" decoding=\"async\" width=\"1024\" height=\"621\" data-id=\"212\" src=\"https:\/\/photonyaa.com\/wp-content\/uploads\/2022\/08\/restaurante_pocardy_alta-8784-1122x680-1-1024x621.jpg\" alt=\"\" class=\"wp-image-212\" srcset=\"https:\/\/photonyaa.com\/wp-content\/uploads\/2022\/08\/restaurante_pocardy_alta-8784-1122x680-1-1024x621.jpg 1024w, https:\/\/photonyaa.com\/wp-content\/uploads\/2022\/08\/restaurante_pocardy_alta-8784-1122x680-1-280x170.jpg 280w, https:\/\/photonyaa.com\/wp-content\/uploads\/2022\/08\/restaurante_pocardy_alta-8784-1122x680-1-600x364.jpg 600w, https:\/\/photonyaa.com\/wp-content\/uploads\/2022\/08\/restaurante_pocardy_alta-8784-1122x680-1-300x182.jpg 300w, https:\/\/photonyaa.com\/wp-content\/uploads\/2022\/08\/restaurante_pocardy_alta-8784-1122x680-1-768x465.jpg 768w, https:\/\/photonyaa.com\/wp-content\/uploads\/2022\/08\/restaurante_pocardy_alta-8784-1122x680-1.jpg 1122w\" sizes=\"auto, (max-width: 1024px) 100vw, 1024px\" \/><\/figure>\n\n\n\n<figure class=\"wp-block-image size-large\"><img loading=\"lazy\" decoding=\"async\" width=\"1024\" height=\"621\" data-id=\"210\" src=\"https:\/\/photonyaa.com\/wp-content\/uploads\/2022\/08\/piscina_hotel_almirante-1122x680-1-1024x621.jpg\" alt=\"\" class=\"wp-image-210\" srcset=\"https:\/\/photonyaa.com\/wp-content\/uploads\/2022\/08\/piscina_hotel_almirante-1122x680-1-1024x621.jpg 1024w, https:\/\/photonyaa.com\/wp-content\/uploads\/2022\/08\/piscina_hotel_almirante-1122x680-1-280x170.jpg 280w, https:\/\/photonyaa.com\/wp-content\/uploads\/2022\/08\/piscina_hotel_almirante-1122x680-1-600x364.jpg 600w, https:\/\/photonyaa.com\/wp-content\/uploads\/2022\/08\/piscina_hotel_almirante-1122x680-1-300x182.jpg 300w, https:\/\/photonyaa.com\/wp-content\/uploads\/2022\/08\/piscina_hotel_almirante-1122x680-1-768x465.jpg 768w, https:\/\/photonyaa.com\/wp-content\/uploads\/2022\/08\/piscina_hotel_almirante-1122x680-1.jpg 1122w\" sizes=\"auto, (max-width: 1024px) 100vw, 1024px\" \/><figcaption class=\"wp-element-caption\">source: www.hotelalmirante.com<\/figcaption><\/figure>\n<\/figure>\n\n\n\n<h2 class=\"wp-block-heading\">Jak sp\u0119dzi\u0107 dzie\u0144 w Alicante?<\/h2>\n\n\n\n<h4 class=\"wp-block-heading\">Santa B\u00e1rbara Castle<\/h4>\n\n\n\n<p>To do\u015b\u0107 wymagaj\u0105ca wyprawa, poniewa\u017c zamek mie\u015bci si\u0119 na stromym wzg\u00f3rzu&nbsp;o wysoko\u015bci 160m. My wybra\u0142y\u015bmy najtrudniejsz\u0105 opcj\u0119 (czyt. nogi) ale do zamku mo\u017cna dosta\u0107 si\u0119 samochodem lub wind\u0105. Jak\u0105kolwiek opcj\u0119 wybierzecie &#8211; widok na szczycie zachwyca. <\/p>\n\n\n\n<figure class=\"wp-block-gallery aligncenter has-nested-images columns-default is-cropped wp-block-gallery-2 is-layout-flex wp-block-gallery-is-layout-flex\">\n<figure class=\"wp-block-image size-large\"><img loading=\"lazy\" decoding=\"async\" width=\"923\" height=\"1024\" data-id=\"214\" src=\"https:\/\/photonyaa.com\/wp-content\/uploads\/2022\/08\/Facetune_17-08-2022-22-45-52-923x1024.jpg\" alt=\"\" class=\"wp-image-214\" srcset=\"https:\/\/photonyaa.com\/wp-content\/uploads\/2022\/08\/Facetune_17-08-2022-22-45-52-923x1024.jpg 923w, https:\/\/photonyaa.com\/wp-content\/uploads\/2022\/08\/Facetune_17-08-2022-22-45-52-scaled-253x280.jpg 253w, https:\/\/photonyaa.com\/wp-content\/uploads\/2022\/08\/Facetune_17-08-2022-22-45-52-scaled-600x665.jpg 600w, https:\/\/photonyaa.com\/wp-content\/uploads\/2022\/08\/Facetune_17-08-2022-22-45-52-271x300.jpg 271w, https:\/\/photonyaa.com\/wp-content\/uploads\/2022\/08\/Facetune_17-08-2022-22-45-52-768x852.jpg 768w, https:\/\/photonyaa.com\/wp-content\/uploads\/2022\/08\/Facetune_17-08-2022-22-45-52-1385x1536.jpg 1385w, https:\/\/photonyaa.com\/wp-content\/uploads\/2022\/08\/Facetune_17-08-2022-22-45-52-1847x2048.jpg 1847w, https:\/\/photonyaa.com\/wp-content\/uploads\/2022\/08\/Facetune_17-08-2022-22-45-52-1140x1264.jpg 1140w, https:\/\/photonyaa.com\/wp-content\/uploads\/2022\/08\/Facetune_17-08-2022-22-45-52-1920x2129.jpg 1920w\" sizes=\"auto, (max-width: 923px) 100vw, 923px\" \/><\/figure>\n\n\n\n<figure class=\"wp-block-image size-large\"><img loading=\"lazy\" decoding=\"async\" width=\"910\" height=\"1024\" data-id=\"215\" src=\"https:\/\/photonyaa.com\/wp-content\/uploads\/2022\/08\/Facetune_17-08-2022-22-53-10-910x1024.jpg\" alt=\"\" class=\"wp-image-215\" srcset=\"https:\/\/photonyaa.com\/wp-content\/uploads\/2022\/08\/Facetune_17-08-2022-22-53-10-910x1024.jpg 910w, https:\/\/photonyaa.com\/wp-content\/uploads\/2022\/08\/Facetune_17-08-2022-22-53-10-scaled-249x280.jpg 249w, https:\/\/photonyaa.com\/wp-content\/uploads\/2022\/08\/Facetune_17-08-2022-22-53-10-scaled-600x675.jpg 600w, https:\/\/photonyaa.com\/wp-content\/uploads\/2022\/08\/Facetune_17-08-2022-22-53-10-267x300.jpg 267w, https:\/\/photonyaa.com\/wp-content\/uploads\/2022\/08\/Facetune_17-08-2022-22-53-10-768x864.jpg 768w, https:\/\/photonyaa.com\/wp-content\/uploads\/2022\/08\/Facetune_17-08-2022-22-53-10-1365x1536.jpg 1365w, https:\/\/photonyaa.com\/wp-content\/uploads\/2022\/08\/Facetune_17-08-2022-22-53-10-1820x2048.jpg 1820w, https:\/\/photonyaa.com\/wp-content\/uploads\/2022\/08\/Facetune_17-08-2022-22-53-10-1140x1283.jpg 1140w, https:\/\/photonyaa.com\/wp-content\/uploads\/2022\/08\/Facetune_17-08-2022-22-53-10-1920x2160.jpg 1920w\" sizes=\"auto, (max-width: 910px) 100vw, 910px\" \/><\/figure>\n<\/figure>\n\n\n\n<h4 class=\"wp-block-heading\">Stare miasto (El Barrio)&nbsp;<\/h4>\n\n\n\n<p>Stare miasta oczywi\u015bcie wyr\u00f3\u017cniaj\u0105 si\u0119 jedynym w swoim rodzaju klimatem, El Barrio to kolorowe budynki, autentyczna kuchnia, w\u0105skie uliczki i wybrzmiewaj\u0105ca z nich hiszpa\u0144ska muzyka.<\/p>\n\n\n\n<figure class=\"wp-block-gallery aligncenter has-nested-images columns-default is-cropped wp-block-gallery-3 is-layout-flex wp-block-gallery-is-layout-flex\">\n<figure class=\"wp-block-image size-large\"><img loading=\"lazy\" decoding=\"async\" width=\"792\" height=\"1024\" data-id=\"221\" src=\"https:\/\/photonyaa.com\/wp-content\/uploads\/2022\/08\/Facetune_18-08-2022-18-54-41-2-792x1024.jpg\" alt=\"\" class=\"wp-image-221\" srcset=\"https:\/\/photonyaa.com\/wp-content\/uploads\/2022\/08\/Facetune_18-08-2022-18-54-41-2-792x1024.jpg 792w, https:\/\/photonyaa.com\/wp-content\/uploads\/2022\/08\/Facetune_18-08-2022-18-54-41-2-scaled-216x280.jpg 216w, https:\/\/photonyaa.com\/wp-content\/uploads\/2022\/08\/Facetune_18-08-2022-18-54-41-2-scaled-600x776.jpg 600w, https:\/\/photonyaa.com\/wp-content\/uploads\/2022\/08\/Facetune_18-08-2022-18-54-41-2-232x300.jpg 232w, https:\/\/photonyaa.com\/wp-content\/uploads\/2022\/08\/Facetune_18-08-2022-18-54-41-2-768x994.jpg 768w, https:\/\/photonyaa.com\/wp-content\/uploads\/2022\/08\/Facetune_18-08-2022-18-54-41-2-1187x1536.jpg 1187w, https:\/\/photonyaa.com\/wp-content\/uploads\/2022\/08\/Facetune_18-08-2022-18-54-41-2-1583x2048.jpg 1583w, https:\/\/photonyaa.com\/wp-content\/uploads\/2022\/08\/Facetune_18-08-2022-18-54-41-2-1140x1475.jpg 1140w, https:\/\/photonyaa.com\/wp-content\/uploads\/2022\/08\/Facetune_18-08-2022-18-54-41-2-1920x2484.jpg 1920w, https:\/\/photonyaa.com\/wp-content\/uploads\/2022\/08\/Facetune_18-08-2022-18-54-41-2-scaled.jpg 1979w\" sizes=\"auto, (max-width: 792px) 100vw, 792px\" \/><\/figure>\n\n\n\n<figure class=\"wp-block-image size-large\"><img loading=\"lazy\" decoding=\"async\" width=\"1024\" height=\"1024\" data-id=\"222\" src=\"https:\/\/photonyaa.com\/wp-content\/uploads\/2022\/08\/P1110680-2-1024x1024.jpg\" alt=\"\" class=\"wp-image-222\" srcset=\"https:\/\/photonyaa.com\/wp-content\/uploads\/2022\/08\/P1110680-2-1024x1024.jpg 1024w, https:\/\/photonyaa.com\/wp-content\/uploads\/2022\/08\/P1110680-2-scaled-600x600.jpg 600w, https:\/\/photonyaa.com\/wp-content\/uploads\/2022\/08\/P1110680-2-scaled-280x280.jpg 280w, https:\/\/photonyaa.com\/wp-content\/uploads\/2022\/08\/P1110680-2-300x300.jpg 300w, https:\/\/photonyaa.com\/wp-content\/uploads\/2022\/08\/P1110680-2-150x150.jpg 150w, https:\/\/photonyaa.com\/wp-content\/uploads\/2022\/08\/P1110680-2-768x768.jpg 768w, https:\/\/photonyaa.com\/wp-content\/uploads\/2022\/08\/P1110680-2-1536x1536.jpg 1536w, https:\/\/photonyaa.com\/wp-content\/uploads\/2022\/08\/P1110680-2-2048x2048.jpg 2048w, https:\/\/photonyaa.com\/wp-content\/uploads\/2022\/08\/P1110680-2-1140x1140.jpg 1140w, https:\/\/photonyaa.com\/wp-content\/uploads\/2022\/08\/P1110680-2-1920x1920.jpg 1920w, https:\/\/photonyaa.com\/wp-content\/uploads\/2022\/08\/P1110680-2-80x80.jpg 80w\" sizes=\"auto, (max-width: 1024px) 100vw, 1024px\" \/><\/figure>\n<\/figure>\n\n\n\n<h4 class=\"wp-block-heading\">Casa Carbonell<\/h4>\n\n\n\n<p>To najbardziej emblematyczny budynek w Alicante mieszcz\u0105cy si\u0119 w tej nowocze\u015bniejszej cz\u0119\u015bci miasta. W okolicy mo\u017cna p\u00f3j\u015b\u0107 na zakupy, lody, da\u0107 si\u0119 ponie\u015b\u0107 i zap\u0142aci\u0107 za karykatur\u0119 wykonan\u0105 od r\u0119ki przez lokalnego malarza. Nie s\u0105dzi\u0142am, \u017ce kiedy\u015b przywioz\u0119 z wakacji tak\u0105 pami\u0105tk\u0119, a jednak.&nbsp;<\/p>\n\n\n\n<figure class=\"wp-block-gallery aligncenter has-nested-images columns-default is-cropped wp-block-gallery-4 is-layout-flex wp-block-gallery-is-layout-flex\">\n<figure class=\"wp-block-image size-large\"><img loading=\"lazy\" decoding=\"async\" width=\"1024\" height=\"1024\" data-id=\"218\" src=\"https:\/\/photonyaa.com\/wp-content\/uploads\/2022\/08\/P1110693-1024x1024.jpg\" alt=\"\" class=\"wp-image-218\" srcset=\"https:\/\/photonyaa.com\/wp-content\/uploads\/2022\/08\/P1110693-1024x1024.jpg 1024w, https:\/\/photonyaa.com\/wp-content\/uploads\/2022\/08\/P1110693-scaled-600x600.jpg 600w, https:\/\/photonyaa.com\/wp-content\/uploads\/2022\/08\/P1110693-scaled-280x280.jpg 280w, https:\/\/photonyaa.com\/wp-content\/uploads\/2022\/08\/P1110693-300x300.jpg 300w, https:\/\/photonyaa.com\/wp-content\/uploads\/2022\/08\/P1110693-150x150.jpg 150w, https:\/\/photonyaa.com\/wp-content\/uploads\/2022\/08\/P1110693-768x768.jpg 768w, https:\/\/photonyaa.com\/wp-content\/uploads\/2022\/08\/P1110693-1536x1536.jpg 1536w, https:\/\/photonyaa.com\/wp-content\/uploads\/2022\/08\/P1110693-2048x2048.jpg 2048w, https:\/\/photonyaa.com\/wp-content\/uploads\/2022\/08\/P1110693-1140x1140.jpg 1140w, https:\/\/photonyaa.com\/wp-content\/uploads\/2022\/08\/P1110693-1920x1920.jpg 1920w, https:\/\/photonyaa.com\/wp-content\/uploads\/2022\/08\/P1110693-80x80.jpg 80w\" sizes=\"auto, (max-width: 1024px) 100vw, 1024px\" \/><\/figure>\n\n\n\n<figure class=\"wp-block-image size-large\"><img loading=\"lazy\" decoding=\"async\" width=\"1024\" height=\"1024\" data-id=\"219\" src=\"https:\/\/photonyaa.com\/wp-content\/uploads\/2022\/08\/P1110769-1024x1024.jpg\" alt=\"\" class=\"wp-image-219\" srcset=\"https:\/\/photonyaa.com\/wp-content\/uploads\/2022\/08\/P1110769-1024x1024.jpg 1024w, https:\/\/photonyaa.com\/wp-content\/uploads\/2022\/08\/P1110769-scaled-600x600.jpg 600w, https:\/\/photonyaa.com\/wp-content\/uploads\/2022\/08\/P1110769-scaled-280x280.jpg 280w, https:\/\/photonyaa.com\/wp-content\/uploads\/2022\/08\/P1110769-300x300.jpg 300w, https:\/\/photonyaa.com\/wp-content\/uploads\/2022\/08\/P1110769-150x150.jpg 150w, https:\/\/photonyaa.com\/wp-content\/uploads\/2022\/08\/P1110769-768x768.jpg 768w, https:\/\/photonyaa.com\/wp-content\/uploads\/2022\/08\/P1110769-1536x1536.jpg 1536w, https:\/\/photonyaa.com\/wp-content\/uploads\/2022\/08\/P1110769-2048x2048.jpg 2048w, https:\/\/photonyaa.com\/wp-content\/uploads\/2022\/08\/P1110769-1140x1140.jpg 1140w, https:\/\/photonyaa.com\/wp-content\/uploads\/2022\/08\/P1110769-1920x1920.jpg 1920w, https:\/\/photonyaa.com\/wp-content\/uploads\/2022\/08\/P1110769-80x80.jpg 80w\" sizes=\"auto, (max-width: 1024px) 100vw, 1024px\" \/><\/figure>\n<\/figure>\n\n\n\n<h4 class=\"wp-block-heading\">Marina of Alicante<\/h4>\n\n\n\n<p>Przystanek tutaj podczas zachodu s\u0142o\u0144ca b\u0119dzie wisienk\u0105 na torcie.&nbsp;<\/p>\n\n\n\n<figure class=\"wp-block-gallery aligncenter has-nested-images columns-default is-cropped wp-block-gallery-5 is-layout-flex wp-block-gallery-is-layout-flex\">\n<figure class=\"wp-block-image size-large\"><img loading=\"lazy\" decoding=\"async\" width=\"827\" height=\"1024\" data-id=\"224\" src=\"https:\/\/photonyaa.com\/wp-content\/uploads\/2022\/08\/Facetune_18-08-2022-18-56-59-2-827x1024.jpg\" alt=\"\" class=\"wp-image-224\" srcset=\"https:\/\/photonyaa.com\/wp-content\/uploads\/2022\/08\/Facetune_18-08-2022-18-56-59-2-827x1024.jpg 827w, https:\/\/photonyaa.com\/wp-content\/uploads\/2022\/08\/Facetune_18-08-2022-18-56-59-2-scaled-226x280.jpg 226w, https:\/\/photonyaa.com\/wp-content\/uploads\/2022\/08\/Facetune_18-08-2022-18-56-59-2-scaled-600x743.jpg 600w, https:\/\/photonyaa.com\/wp-content\/uploads\/2022\/08\/Facetune_18-08-2022-18-56-59-2-242x300.jpg 242w, https:\/\/photonyaa.com\/wp-content\/uploads\/2022\/08\/Facetune_18-08-2022-18-56-59-2-768x951.jpg 768w, https:\/\/photonyaa.com\/wp-content\/uploads\/2022\/08\/Facetune_18-08-2022-18-56-59-2-1240x1536.jpg 1240w, https:\/\/photonyaa.com\/wp-content\/uploads\/2022\/08\/Facetune_18-08-2022-18-56-59-2-1654x2048.jpg 1654w, https:\/\/photonyaa.com\/wp-content\/uploads\/2022\/08\/Facetune_18-08-2022-18-56-59-2-1140x1412.jpg 1140w, https:\/\/photonyaa.com\/wp-content\/uploads\/2022\/08\/Facetune_18-08-2022-18-56-59-2-1920x2378.jpg 1920w\" sizes=\"auto, (max-width: 827px) 100vw, 827px\" \/><\/figure>\n\n\n\n<figure class=\"wp-block-image size-large\"><img loading=\"lazy\" decoding=\"async\" width=\"1024\" height=\"1024\" data-id=\"225\" src=\"https:\/\/photonyaa.com\/wp-content\/uploads\/2022\/08\/P1090197-2-1024x1024.jpg\" alt=\"\" class=\"wp-image-225\" srcset=\"https:\/\/photonyaa.com\/wp-content\/uploads\/2022\/08\/P1090197-2-1024x1024.jpg 1024w, https:\/\/photonyaa.com\/wp-content\/uploads\/2022\/08\/P1090197-2-scaled-600x600.jpg 600w, https:\/\/photonyaa.com\/wp-content\/uploads\/2022\/08\/P1090197-2-scaled-280x280.jpg 280w, https:\/\/photonyaa.com\/wp-content\/uploads\/2022\/08\/P1090197-2-300x300.jpg 300w, https:\/\/photonyaa.com\/wp-content\/uploads\/2022\/08\/P1090197-2-150x150.jpg 150w, https:\/\/photonyaa.com\/wp-content\/uploads\/2022\/08\/P1090197-2-768x768.jpg 768w, https:\/\/photonyaa.com\/wp-content\/uploads\/2022\/08\/P1090197-2-1536x1536.jpg 1536w, https:\/\/photonyaa.com\/wp-content\/uploads\/2022\/08\/P1090197-2-2048x2048.jpg 2048w, https:\/\/photonyaa.com\/wp-content\/uploads\/2022\/08\/P1090197-2-1140x1140.jpg 1140w, https:\/\/photonyaa.com\/wp-content\/uploads\/2022\/08\/P1090197-2-1920x1920.jpg 1920w, https:\/\/photonyaa.com\/wp-content\/uploads\/2022\/08\/P1090197-2-80x80.jpg 80w\" sizes=\"auto, (max-width: 1024px) 100vw, 1024px\" \/><\/figure>\n<\/figure>\n\n\n\n<h4 class=\"wp-block-heading\">Obiad i fancy drinki w&nbsp;<a href=\"https:\/\/latiajuanamx.com\" data-type=\"URL\" data-id=\"https:\/\/latiajuanamx.com\" target=\"_blank\" rel=\"noreferrer noopener\">La Tia Juana<\/a><\/h4>\n\n\n\n<p>Do tej knajpy z \u0142atwo\u015bci\u0105 dostaniecie si\u0119 zar\u00f3wno ze Starego Miasta jak i Mariny\/Carbonell. \u015awietny klimat, genialne jedzenie i ogromy wyb\u00f3r drink\u00f3w.&nbsp;<\/p>\n\n\n\n<figure class=\"wp-block-gallery aligncenter has-nested-images columns-default is-cropped wp-block-gallery-6 is-layout-flex wp-block-gallery-is-layout-flex\">\n<figure class=\"wp-block-image size-large\"><img loading=\"lazy\" decoding=\"async\" width=\"977\" height=\"1024\" data-id=\"216\" src=\"https:\/\/photonyaa.com\/wp-content\/uploads\/2022\/08\/P1110602-977x1024.jpg\" alt=\"\" class=\"wp-image-216\" srcset=\"https:\/\/photonyaa.com\/wp-content\/uploads\/2022\/08\/P1110602-977x1024.jpg 977w, https:\/\/photonyaa.com\/wp-content\/uploads\/2022\/08\/P1110602-scaled-267x280.jpg 267w, https:\/\/photonyaa.com\/wp-content\/uploads\/2022\/08\/P1110602-scaled-600x629.jpg 600w, https:\/\/photonyaa.com\/wp-content\/uploads\/2022\/08\/P1110602-286x300.jpg 286w, https:\/\/photonyaa.com\/wp-content\/uploads\/2022\/08\/P1110602-768x805.jpg 768w, https:\/\/photonyaa.com\/wp-content\/uploads\/2022\/08\/P1110602-1466x1536.jpg 1466w, https:\/\/photonyaa.com\/wp-content\/uploads\/2022\/08\/P1110602-1954x2048.jpg 1954w, https:\/\/photonyaa.com\/wp-content\/uploads\/2022\/08\/P1110602-1140x1195.jpg 1140w, https:\/\/photonyaa.com\/wp-content\/uploads\/2022\/08\/P1110602-1920x2012.jpg 1920w\" sizes=\"auto, (max-width: 977px) 100vw, 977px\" \/><\/figure>\n\n\n\n<figure class=\"wp-block-image size-large\"><img loading=\"lazy\" decoding=\"async\" width=\"1024\" height=\"1024\" data-id=\"217\" src=\"https:\/\/photonyaa.com\/wp-content\/uploads\/2022\/08\/P1110646-1024x1024.jpg\" alt=\"\" class=\"wp-image-217\" srcset=\"https:\/\/photonyaa.com\/wp-content\/uploads\/2022\/08\/P1110646-1024x1024.jpg 1024w, https:\/\/photonyaa.com\/wp-content\/uploads\/2022\/08\/P1110646-scaled-600x600.jpg 600w, https:\/\/photonyaa.com\/wp-content\/uploads\/2022\/08\/P1110646-scaled-280x280.jpg 280w, https:\/\/photonyaa.com\/wp-content\/uploads\/2022\/08\/P1110646-300x300.jpg 300w, https:\/\/photonyaa.com\/wp-content\/uploads\/2022\/08\/P1110646-150x150.jpg 150w, https:\/\/photonyaa.com\/wp-content\/uploads\/2022\/08\/P1110646-768x768.jpg 768w, https:\/\/photonyaa.com\/wp-content\/uploads\/2022\/08\/P1110646-1536x1536.jpg 1536w, https:\/\/photonyaa.com\/wp-content\/uploads\/2022\/08\/P1110646-2048x2048.jpg 2048w, https:\/\/photonyaa.com\/wp-content\/uploads\/2022\/08\/P1110646-1140x1140.jpg 1140w, https:\/\/photonyaa.com\/wp-content\/uploads\/2022\/08\/P1110646-1920x1920.jpg 1920w, https:\/\/photonyaa.com\/wp-content\/uploads\/2022\/08\/P1110646-80x80.jpg 80w\" sizes=\"auto, (max-width: 1024px) 100vw, 1024px\" \/><\/figure>\n<\/figure>\n\n\n\n<h4 class=\"wp-block-heading\">Banidorm<\/h4>\n\n\n\n<p>Je\u015bli wyczerpi\u0105 Wam si\u0119 pomys\u0142y na sp\u0119dzanie czasu w Alicante (co nie powinno mie\u0107 miejsca podczas kilkudniowego pobytu) mo\u017cecie wybra\u0107 si\u0119 na wycieczk\u0119 do oddalonego o 45km Benidorm &#8211; nawet nie maj\u0105c samochodu. Po\u0142\u0105czenie tramwajem\/autobusem to koszt do 10 EUR i trwa nieco ponad godzin\u0119.<\/p>\n","protected":false},"excerpt":{"rendered":"<p>Stolica Bia\u0142ego Wybrze\u017ca. Szerokie, piaszczyste pla\u017ce, po\u0142\u0105czenie historii i nowoczesno\u015bci, palmy i muzyka &#8211; takie w\u0142a\u015bnie jest sk\u0105pane w s\u0142o\u0144cu Alicante.&nbsp; Wraz z kole\u017cank\u0105 wybra\u0142y\u015bmy si\u0119 tu w styczniu &#8211; z t\u0119sknoty za b\u0142\u0119kitnym niebem i ciep\u0142ym piaskiem. Wprawdzie t\u0119tni\u0105ce \u017cyciem Alicante poza sezonem jest jeszcze lekko senne, wed\u0142ug mnie to idealny kierunek zar\u00f3wno w szczycie sezonu jak i zim\u0105, bo cho\u0107 wieczory s\u0105 ch\u0142odne, w ci\u0105gu dnia temperatura si\u0119ga&nbsp;20\u00b0C i nie jest to raczej pogoda sprzyjaj\u0105ca k\u0105pielom w morzu, ale na pewno idealna dla tych, kt\u00f3rzy jak my &#8211; wakacje sp\u0119dzaj\u0105 aktywnie.&nbsp; Zatrzyma\u0142y\u015bmy si\u0119 w hotelu&nbsp;Almirante&nbsp;tu\u017c przy pla\u017cy San Juan i ta lokalizacja by\u0142a strza\u0142em w dziesi\u0105tk\u0119! \u015awietne po\u0142\u0105czenie poci\u0105giem z centrum Alicante (25min), wyb\u00f3r knajp i przede wszystkim pi\u0119kna pla\u017ca tu\u017c pod nosem. Sam hotel nie nale\u017cy raczej do luksusowych, ale te\u017c niczego [&hellip;]<\/p>\n","protected":false},"author":1,"featured_media":220,"comment_status":"open","ping_status":"open","sticky":false,"template":"","format":"standard","meta":{"_jetpack_memberships_contains_paid_content":false,"footnotes":""},"categories":[72,42,70,1],"tags":[480,76,74],"class_list":["post-208","post","type-post","status-publish","format-standard","has-post-thumbnail","hentry","category-alicante","category-bon-voyage","category-hiszpania","category-uncategorized","tag-alicante-pl","tag-girls-trip","tag-hiszpania"],"acf":[],"jetpack_featured_media_url":"https:\/\/photonyaa.com\/wp-content\/uploads\/2022\/08\/P1100356-scaled.jpg","jetpack_sharing_enabled":true,"_links":{"self":[{"href":"https:\/\/photonyaa.com\/index.php?rest_route=\/wp\/v2\/posts\/208","targetHints":{"allow":["GET"]}}],"collection":[{"href":"https:\/\/photonyaa.com\/index.php?rest_route=\/wp\/v2\/posts"}],"about":[{"href":"https:\/\/photonyaa.com\/index.php?rest_route=\/wp\/v2\/types\/post"}],"author":[{"embeddable":true,"href":"https:\/\/photonyaa.com\/index.php?rest_route=\/wp\/v2\/users\/1"}],"replies":[{"embeddable":true,"href":"https:\/\/photonyaa.com\/index.php?rest_route=%2Fwp%2Fv2%2Fcomments&post=208"}],"version-history":[{"count":6,"href":"https:\/\/photonyaa.com\/index.php?rest_route=\/wp\/v2\/posts\/208\/revisions"}],"predecessor-version":[{"id":2401,"href":"https:\/\/photonyaa.com\/index.php?rest_route=\/wp\/v2\/posts\/208\/revisions\/2401"}],"wp:featuredmedia":[{"embeddable":true,"href":"https:\/\/photonyaa.com\/index.php?rest_route=\/wp\/v2\/media\/220"}],"wp:attachment":[{"href":"https:\/\/photonyaa.com\/index.php?rest_route=%2Fwp%2Fv2%2Fmedia&parent=208"}],"wp:term":[{"taxonomy":"category","embeddable":true,"href":"https:\/\/photonyaa.com\/index.php?rest_route=%2Fwp%2Fv2%2Fcategories&post=208"},{"taxonomy":"post_tag","embeddable":true,"href":"https:\/\/photonyaa.com\/index.php?rest_route=%2Fwp%2Fv2%2Ftags&post=208"}],"curies":[{"name":"wp","href":"https:\/\/api.w.org\/{rel}","templated":true}]}}